
{"id":57250,"date":"2024-12-23T15:33:04","date_gmt":"2024-12-23T13:33:04","guid":{"rendered":"https:\/\/wushu.ro\/?p=57250"},"modified":"2024-12-30T15:35:53","modified_gmt":"2024-12-30T13:35:53","slug":"gala-artelor-martiale-fram-2024","status":"publish","type":"post","link":"https:\/\/wushu.ro\/?p=57250","title":{"rendered":"Gala Artelor Mar\u021biale \u2013 FRAM 2024"},"content":{"rendered":"<div class=\"xdj266r x11i5rnm xat24cr x1mh8g0r x1vvkbs x126k92a\">\n<div dir=\"auto\">La prestigioasa Gal\u0103 a Artelor Mar\u021biale \u2013 FRAM 2024, pre\u0219edintele Federa\u021biei Rom\u00e2ne de Wushu, Petru Grindeanu, \u0219i fondatorul Wushu Kungfu \u00een Rom\u00e2nia, Ion Benea, au fost onora\u021bi cu distinc\u021bii pentru contribu\u021bia lor remarcabil\u0103 la dezvoltarea \u0219i promovarea acestui sport.<\/div>\n<\/div>\n<div class=\"x11i5rnm xat24cr x1mh8g0r x1vvkbs xtlvy1s x126k92a\">\n<div dir=\"auto\">Mul\u021bumim Federa\u021biei Rom\u00e2ne de Arte Mar\u021biale pentru aceast\u0103 recunoa\u0219tere \u0219i \u00eei felicit\u0103m pe to\u021bi cei implica\u021bi \u00een promovarea valorilor artelor mar\u021biale.<\/div>\n<\/div>\n<div class=\"x11i5rnm xat24cr x1mh8g0r x1vvkbs xtlvy1s x126k92a\">\n<div dir=\"auto\">Acest premiu reflect\u0103 impactul pe care Wushu Kungfu l-a avut \u0219i continu\u0103 s\u0103-l aib\u0103 \u00een comunitatea artelor mar\u021biale din Rom\u00e2nia.<\/div>\n<div dir=\"auto\"><img fetchpriority=\"high\" decoding=\"async\" class=\"alignnone size-full wp-image-57252\" src=\"https:\/\/wushu.ro\/wp-content\/uploads\/2024\/12\/470984819_18024402689543365_2811546123130715264_n.jpg\" alt=\"\" width=\"1331\" height=\"890\"> <img decoding=\"async\" class=\"alignnone size-full wp-image-57253\" src=\"https:\/\/wushu.ro\/wp-content\/uploads\/2024\/12\/470944180_18024402671543365_7540573121849199371_n.jpg\" alt=\"\" width=\"1440\" height=\"959\"><\/div>\n<\/div>\n","protected":false},"excerpt":{"rendered":"<p>La prestigioasa Gal\u0103 a Artelor Mar\u021biale \u2013 FRAM 2024, pre\u0219edintele Federa\u021biei Rom\u00e2ne de Wushu, Petru Grindeanu, \u0219i fondatorul Wushu Kungfu \u00een Rom\u00e2nia, Ion Benea, au fost onora\u021bi cu distinc\u021bii pentru<\/p>\n<p><span class=\"more-link\"><a href=\"https:\/\/wushu.ro\/?p=57250\" class=\"readmore\">Mai mult<span class=\"screen-reader-text\">Gala Artelor Mar\u021biale \u2013 FRAM 2024<\/span><\/a><\/span><\/p>\n","protected":false},"author":1,"featured_media":57251,"comment_status":"closed","ping_status":"open","sticky":false,"template":"","format":"standard","meta":{"_monsterinsights_skip_tracking":false,"_monsterinsights_sitenote_active":false,"_monsterinsights_sitenote_note":"","_monsterinsights_sitenote_category":0,"ngg_post_thumbnail":0,"_jetpack_memberships_contains_paid_content":false,"footnotes":""},"categories":[12],"tags":[],"class_list":["post-57250","post","type-post","status-publish","format-standard","has-post-thumbnail","hentry","category-noutati"],"jetpack_sharing_enabled":true,"jetpack_featured_media_url":"https:\/\/wushu.ro\/wp-content\/uploads\/2024\/12\/470911368_18024402680543365_543802534650568698_n.jpg","_links":{"self":[{"href":"https:\/\/wushu.ro\/index.php?rest_route=\/wp\/v2\/posts\/57250","targetHints":{"allow":["GET"]}}],"collection":[{"href":"https:\/\/wushu.ro\/index.php?rest_route=\/wp\/v2\/posts"}],"about":[{"href":"https:\/\/wushu.ro\/index.php?rest_route=\/wp\/v2\/types\/post"}],"author":[{"embeddable":true,"href":"https:\/\/wushu.ro\/index.php?rest_route=\/wp\/v2\/users\/1"}],"replies":[{"embeddable":true,"href":"https:\/\/wushu.ro\/index.php?rest_route=%2Fwp%2Fv2%2Fcomments&post=57250"}],"version-history":[{"count":1,"href":"https:\/\/wushu.ro\/index.php?rest_route=\/wp\/v2\/posts\/57250\/revisions"}],"predecessor-version":[{"id":57254,"href":"https:\/\/wushu.ro\/index.php?rest_route=\/wp\/v2\/posts\/57250\/revisions\/57254"}],"wp:featuredmedia":[{"embeddable":true,"href":"https:\/\/wushu.ro\/index.php?rest_route=\/wp\/v2\/media\/57251"}],"wp:attachment":[{"href":"https:\/\/wushu.ro\/index.php?rest_route=%2Fwp%2Fv2%2Fmedia&parent=57250"}],"wp:term":[{"taxonomy":"category","embeddable":true,"href":"https:\/\/wushu.ro\/index.php?rest_route=%2Fwp%2Fv2%2Fcategories&post=57250"},{"taxonomy":"post_tag","embeddable":true,"href":"https:\/\/wushu.ro\/index.php?rest_route=%2Fwp%2Fv2%2Ftags&post=57250"}],"curies":[{"name":"wp","href":"https:\/\/api.w.org\/{rel}","templated":true}]}}